{"id":1008,"date":"2020-06-12T16:05:39","date_gmt":"2020-06-12T14:05:39","guid":{"rendered":"https:\/\/www.xn--feuerwehr-prnbach-9zb.de\/wordpress\/?p=1008"},"modified":"2022-04-26T17:47:05","modified_gmt":"2022-04-26T15:47:05","slug":"einsatz-vu-b13","status":"publish","type":"post","link":"https:\/\/www.xn--feuerwehr-prnbach-9zb.de\/wordpress\/index.php\/2020\/06\/12\/einsatz-vu-b13\/","title":{"rendered":"EINSATZ VU B13"},"content":{"rendered":"<p>Heute am 12.06.2020 gegen 09:48 Uhr wurde die Feuerwehr P\u00f6rnbach zu einem Verkehrsunfall mit einer eingeklemmte Person alarmiert.<\/p>\n<p>Auf der B13 zwischen P\u00f6rnbach und Stra\u00dfhof in Richtung Pfaffenofen kam es am Vormittag zu einem folgenschweren Frontalzusammensto\u00df zweier Fahrzeuge.<\/p>\n<p>Der Fahrer eines Transporter wurde massiv eingeklemmt und musste mit dem hydraulischen Rettungss\u00e4tzen der Feuerwehr P\u00f6rnbach und Langenbruck befreit werden. Die beiden Insassen des anderen Fahrzeugs wurden verletzt, konnten jedoch ohne technische Hilfe das Fahrzeug verlassen. Zur Rettung kam auch der Mehrzweckzug der FFW P\u00f6rnbach zum Einsatz, um die beiden ineinander Verkeilten Fahrzeuge voneinander zu l\u00f6sen, um eine Patientengerechte Rettung einleiten zu k\u00f6nnen.<\/p>\n<p>Ebenfalls alarmiert waren die Feuerwehren Puch und Raitbach, diese \u00dcbernahmen zusammen mit der FW Langenbruck die Verkehrsabsicherung. Die Schwerstverletzte Person wurde mit dem Rettungshubschrauber in die Notaufnahme nach Ingolstadt gebracht.<\/p>\n<p>Presseberichte auch unter:<\/p>\n<p><a href=\"https:\/\/pfaffenhofen-today.de\/56625-poernbach-120620\">https:\/\/pfaffenhofen-today.de\/56625-poernbach-120620<\/a><\/p>\n<p>&nbsp;<\/p>\n<p>&nbsp;<\/p>\n","protected":false},"excerpt":{"rendered":"<p>Heute am 12.06.2020 gegen 09:48 Uhr wurde die Feuerwehr P\u00f6rnbach zu einem Verkehrsunfall mit einer eingeklemmte Person alarmiert. Auf der B13 zwischen P\u00f6rnbach und Stra\u00dfhof in Richtung Pfaffenofen kam es &hellip; <a href=\"https:\/\/www.xn--feuerwehr-prnbach-9zb.de\/wordpress\/index.php\/2020\/06\/12\/einsatz-vu-b13\/\" class=\"more-link\"><span class=\"screen-reader-text\">EINSATZ VU B13<\/span> weiterlesen <span class=\"meta-nav\">&rarr;<\/span><\/a><\/p>\n","protected":false},"author":5,"featured_media":1009,"comment_status":"closed","ping_status":"closed","sticky":false,"template":"","format":"standard","meta":{"footnotes":""},"categories":[7],"tags":[],"class_list":["post-1008","post","type-post","status-publish","format-standard","has-post-thumbnail","hentry","category-aktuelles"],"_links":{"self":[{"href":"https:\/\/www.xn--feuerwehr-prnbach-9zb.de\/wordpress\/index.php\/wp-json\/wp\/v2\/posts\/1008","targetHints":{"allow":["GET"]}}],"collection":[{"href":"https:\/\/www.xn--feuerwehr-prnbach-9zb.de\/wordpress\/index.php\/wp-json\/wp\/v2\/posts"}],"about":[{"href":"https:\/\/www.xn--feuerwehr-prnbach-9zb.de\/wordpress\/index.php\/wp-json\/wp\/v2\/types\/post"}],"author":[{"embeddable":true,"href":"https:\/\/www.xn--feuerwehr-prnbach-9zb.de\/wordpress\/index.php\/wp-json\/wp\/v2\/users\/5"}],"replies":[{"embeddable":true,"href":"https:\/\/www.xn--feuerwehr-prnbach-9zb.de\/wordpress\/index.php\/wp-json\/wp\/v2\/comments?post=1008"}],"version-history":[{"count":3,"href":"https:\/\/www.xn--feuerwehr-prnbach-9zb.de\/wordpress\/index.php\/wp-json\/wp\/v2\/posts\/1008\/revisions"}],"predecessor-version":[{"id":1012,"href":"https:\/\/www.xn--feuerwehr-prnbach-9zb.de\/wordpress\/index.php\/wp-json\/wp\/v2\/posts\/1008\/revisions\/1012"}],"wp:featuredmedia":[{"embeddable":true,"href":"https:\/\/www.xn--feuerwehr-prnbach-9zb.de\/wordpress\/index.php\/wp-json\/wp\/v2\/media\/1009"}],"wp:attachment":[{"href":"https:\/\/www.xn--feuerwehr-prnbach-9zb.de\/wordpress\/index.php\/wp-json\/wp\/v2\/media?parent=1008"}],"wp:term":[{"taxonomy":"category","embeddable":true,"href":"https:\/\/www.xn--feuerwehr-prnbach-9zb.de\/wordpress\/index.php\/wp-json\/wp\/v2\/categories?post=1008"},{"taxonomy":"post_tag","embeddable":true,"href":"https:\/\/www.xn--feuerwehr-prnbach-9zb.de\/wordpress\/index.php\/wp-json\/wp\/v2\/tags?post=1008"}],"curies":[{"name":"wp","href":"https:\/\/api.w.org\/{rel}","templated":true}]}}